{"id":21597,"date":"2026-04-29T19:15:30","date_gmt":"2026-04-29T17:15:30","guid":{"rendered":"https:\/\/knetpartage.fr\/?p=21597"},"modified":"2026-04-29T19:20:12","modified_gmt":"2026-04-29T17:20:12","slug":"rambeaucop-jeux-paralympiques-volley-assis","status":"publish","type":"post","link":"https:\/\/knetpartage.fr\/rambeaucop-jeux-paralympiques-volley-assis\/","title":{"rendered":"Rambeaucop &#8211; Jeux Paralympiques Volley Assis"},"content":{"rendered":"<div  class='flex_column av-av_one_full-ffd32c5c0f45105b246d723872274e0c av_one_full  avia-builder-el-0  el_before_av_textblock  avia-builder-el-first  first flex_column_div  '     ><style type=\"text\/css\" data-created_by=\"avia_inline_auto\" id=\"style-css-av-mokbidum-a1cbe64532f4f8a3dfd49d131ab70b25\">\n.avia-image-container.av-mokbidum-a1cbe64532f4f8a3dfd49d131ab70b25 img.avia_image{\nbox-shadow:none;\n}\n.avia-image-container.av-mokbidum-a1cbe64532f4f8a3dfd49d131ab70b25 .av-image-caption-overlay-center{\ncolor:#ffffff;\n}\n<\/style>\n<div  class='avia-image-container av-mokbidum-a1cbe64532f4f8a3dfd49d131ab70b25 av-styling- avia-align-center  avia-builder-el-1  avia-builder-el-no-sibling '   itemprop=\"image\" itemscope=\"itemscope\" itemtype=\"https:\/\/schema.org\/ImageObject\" ><div class=\"avia-image-container-inner\"><div class=\"avia-image-overlay-wrap\"><img fetchpriority=\"high\" class='wp-image-21601 avia-img-lazy-loading-not-21601 avia_image ' src='https:\/\/knetpartage.fr\/wp-content\/uploads\/2026\/04\/Rambeau_Jean-Christophe_002.JPG.webp' alt='Rambeau_Jean-Christophe_002.JPG' title='Rambeau_Jean-Christophe_002.JPG'  height=\"533\" width=\"400\"  itemprop=\"thumbnailUrl\"  \/><\/div><\/div><\/div><\/div><section  class='av_textblock_section av-av_textblock-4321011e35da59c58461665b046d502a '   itemscope=\"itemscope\" itemtype=\"https:\/\/schema.org\/BlogPosting\" itemprop=\"blogPost\" ><div class='avia_textblock'  itemprop=\"text\" ><h1><\/h1>\n<h1><\/h1>\n<h1 class=\"page-athlete_name\">Jean-Christophe Rambeau<\/h1>\n<article class=\"page-athlete\" data-component-id=\"edf1:page-athlete\">\n<div class=\"page-athlete_extandable-contents\">\n<section class=\"page-athlete_content container-large\">\n<details class=\"accordion accordion--default\" open=\"\" data-component-id=\"edf1:accordion\">\n<div class=\"accordion_content\">\n<div class=\"page-athlete_content_wrapper\">\n<div class=\"page-athlete_about\">\n<div class=\"page-athlete_about_content wysiwyg\">\n<p>Amput\u00e9 en 2017 \u00e0 la suite d\u2019un accident de moto, Jean-Christophe Rambeau n\u2019a pas attendu pour se remettre au sport. Surnomm\u00e9 \u201cRambeaucop\u201d, il participe \u00e0 la premi\u00e8re \u00e9dition du programme \u201c<a href=\"https:\/\/lareleve.france-paralympique.fr\/\" target=\"_blank\" rel=\"noopener noreferrer\" data-once=\"links\">La Rel\u00e8ve<\/a>\u201d du CPSF en 2019. A l\u2019issue de la journ\u00e9e de d\u00e9tection, la F\u00e9d\u00e9ration Fran\u00e7aise de Volley lui propose une initiation au volley assis, une discipline \u00e0 laquelle il se prend tr\u00e8s vite de passion. En 2021, il commence quelques stages avec l\u2019\u00e9quipe de France masculine. A Paris 2024, il sera sur le terrain avec ses co\u00e9quipiers pour repr\u00e9senter la France pour la premi\u00e8re fois dans l\u2019histoire des Jeux Paralympiques.<\/p>\n<\/div>\n<\/div>\n<div class=\"page-athlete_profile-info\">\n<div class=\"page-athlete_profile-info_item\"><span class=\"page-athlete_profile-info_item_value\">N\u00e9 le 22 d\u00e9cembre 1981 (44 ans)<\/span><\/div>\n<div class=\"page-athlete_profile-info_item\"><span class=\"page-athlete_profile-info_item_value\">Lyon (Rh\u00f4ne)<\/span><\/div>\n<div class=\"page-athlete_profile-info_item page-athlete_profile-info_item_club\"><span class=\"page-athlete_profile-info_item_label\">Club\u00a0:\u00a0<\/span><a class=\"page-athlete_profile-info_item_value\" href=\"https:\/\/www.paysvoironnaisvolley.fr\/\" target=\"_blank\" rel=\"noopener noreferrer\" data-once=\"links\">Pays Voironnais Volley<\/a><\/div>\n<div class=\"page-athlete_social-media\">\n<h3 class=\"page-athlete_social-media_title\"><\/h3>\n<div class=\"page-athlete_social-media_links\"><\/div>\n<\/div>\n<\/div>\n<\/div>\n<\/div>\n<\/details>\n<p>Contenus associ\u00e9s<\/p>\n<\/section>\n<\/div>\n<\/article>\n<aside class=\"bloc-hits\" data-component-id=\"edf1:bloc-hits\">\n<section class=\"bloc-hits_section\">\n<header class=\"bloc-hits_header\">\n<div class=\"bloc-hits_title\">Athl\u00e8tes<\/div>\n<\/header>\n<\/section>\n<\/aside>\n<\/div><\/section><\/p>\n","protected":false},"excerpt":{"rendered":"","protected":false},"author":7,"featured_media":21598,"comment_status":"closed","ping_status":"open","sticky":false,"template":"","format":"standard","meta":{"footnotes":""},"categories":[4,33],"tags":[],"class_list":["post-21597","post","type-post","status-publish","format-standard","has-post-thumbnail","hentry","category-nos-parrains","category-nos-parrains-du-coeur"],"yoast_head":"<!-- This site is optimized with the Yoast SEO plugin v27.5 - https:\/\/yoast.com\/product\/yoast-seo-wordpress\/ -->\n<title>Rambeaucop - Jeux Paralympiques Volley Assis - KNETPARTAGE<\/title>\n<meta name=\"robots\" content=\"index, follow, max-snippet:-1, max-image-preview:large, max-video-preview:-1\" \/>\n<link rel=\"canonical\" href=\"https:\/\/knetpartage.fr\/rambeaucop-jeux-paralympiques-volley-assis\/\" \/>\n<meta property=\"og:locale\" content=\"fr_FR\" \/>\n<meta property=\"og:type\" content=\"article\" \/>\n<meta property=\"og:title\" content=\"Rambeaucop - Jeux Paralympiques Volley Assis - KNETPARTAGE\" \/>\n<meta property=\"og:url\" content=\"https:\/\/knetpartage.fr\/rambeaucop-jeux-paralympiques-volley-assis\/\" \/>\n<meta property=\"og:site_name\" content=\"KNETPARTAGE\" \/>\n<meta property=\"article:published_time\" content=\"2026-04-29T17:15:30+00:00\" \/>\n<meta property=\"article:modified_time\" content=\"2026-04-29T17:20:12+00:00\" \/>\n<meta property=\"og:image\" content=\"https:\/\/knetpartage.fr\/wp-content\/uploads\/2026\/04\/rambeaucop.png\" \/>\n\t<meta property=\"og:image:width\" content=\"1268\" \/>\n\t<meta property=\"og:image:height\" content=\"1074\" \/>\n\t<meta property=\"og:image:type\" content=\"image\/png\" \/>\n<meta name=\"author\" content=\"Murielle Chamarande\" \/>\n<meta name=\"twitter:card\" content=\"summary_large_image\" \/>\n<meta name=\"twitter:label1\" content=\"\u00c9crit par\" \/>\n\t<meta name=\"twitter:data1\" content=\"Murielle Chamarande\" \/>\n\t<meta name=\"twitter:label2\" content=\"Dur\u00e9e de lecture estim\u00e9e\" \/>\n\t<meta name=\"twitter:data2\" content=\"1 minute\" \/>\n<script type=\"application\/ld+json\" class=\"yoast-schema-graph\">{\"@context\":\"https:\\\/\\\/schema.org\",\"@graph\":[{\"@type\":\"Article\",\"@id\":\"https:\\\/\\\/knetpartage.fr\\\/rambeaucop-jeux-paralympiques-volley-assis\\\/#article\",\"isPartOf\":{\"@id\":\"https:\\\/\\\/knetpartage.fr\\\/rambeaucop-jeux-paralympiques-volley-assis\\\/\"},\"author\":{\"name\":\"Murielle Chamarande\",\"@id\":\"https:\\\/\\\/knetpartage.fr\\\/#\\\/schema\\\/person\\\/40715ce3f7c41f52b9534870704068b1\"},\"headline\":\"Rambeaucop &#8211; Jeux Paralympiques Volley Assis\",\"datePublished\":\"2026-04-29T17:15:30+00:00\",\"dateModified\":\"2026-04-29T17:20:12+00:00\",\"mainEntityOfPage\":{\"@id\":\"https:\\\/\\\/knetpartage.fr\\\/rambeaucop-jeux-paralympiques-volley-assis\\\/\"},\"wordCount\":854,\"image\":{\"@id\":\"https:\\\/\\\/knetpartage.fr\\\/rambeaucop-jeux-paralympiques-volley-assis\\\/#primaryimage\"},\"thumbnailUrl\":\"https:\\\/\\\/knetpartage.fr\\\/wp-content\\\/uploads\\\/2026\\\/04\\\/rambeaucop.png\",\"articleSection\":[\"Nos Parrains\",\"Nos parrains du coeur\"],\"inLanguage\":\"fr-FR\"},{\"@type\":\"WebPage\",\"@id\":\"https:\\\/\\\/knetpartage.fr\\\/rambeaucop-jeux-paralympiques-volley-assis\\\/\",\"url\":\"https:\\\/\\\/knetpartage.fr\\\/rambeaucop-jeux-paralympiques-volley-assis\\\/\",\"name\":\"Rambeaucop - Jeux Paralympiques Volley Assis - KNETPARTAGE\",\"isPartOf\":{\"@id\":\"https:\\\/\\\/knetpartage.fr\\\/#website\"},\"primaryImageOfPage\":{\"@id\":\"https:\\\/\\\/knetpartage.fr\\\/rambeaucop-jeux-paralympiques-volley-assis\\\/#primaryimage\"},\"image\":{\"@id\":\"https:\\\/\\\/knetpartage.fr\\\/rambeaucop-jeux-paralympiques-volley-assis\\\/#primaryimage\"},\"thumbnailUrl\":\"https:\\\/\\\/knetpartage.fr\\\/wp-content\\\/uploads\\\/2026\\\/04\\\/rambeaucop.png\",\"datePublished\":\"2026-04-29T17:15:30+00:00\",\"dateModified\":\"2026-04-29T17:20:12+00:00\",\"author\":{\"@id\":\"https:\\\/\\\/knetpartage.fr\\\/#\\\/schema\\\/person\\\/40715ce3f7c41f52b9534870704068b1\"},\"breadcrumb\":{\"@id\":\"https:\\\/\\\/knetpartage.fr\\\/rambeaucop-jeux-paralympiques-volley-assis\\\/#breadcrumb\"},\"inLanguage\":\"fr-FR\",\"potentialAction\":[{\"@type\":\"ReadAction\",\"target\":[\"https:\\\/\\\/knetpartage.fr\\\/rambeaucop-jeux-paralympiques-volley-assis\\\/\"]}]},{\"@type\":\"ImageObject\",\"inLanguage\":\"fr-FR\",\"@id\":\"https:\\\/\\\/knetpartage.fr\\\/rambeaucop-jeux-paralympiques-volley-assis\\\/#primaryimage\",\"url\":\"https:\\\/\\\/knetpartage.fr\\\/wp-content\\\/uploads\\\/2026\\\/04\\\/rambeaucop.png\",\"contentUrl\":\"https:\\\/\\\/knetpartage.fr\\\/wp-content\\\/uploads\\\/2026\\\/04\\\/rambeaucop.png\",\"width\":1268,\"height\":1074,\"caption\":\"rambeaucop\"},{\"@type\":\"BreadcrumbList\",\"@id\":\"https:\\\/\\\/knetpartage.fr\\\/rambeaucop-jeux-paralympiques-volley-assis\\\/#breadcrumb\",\"itemListElement\":[{\"@type\":\"ListItem\",\"position\":1,\"name\":\"Accueil\",\"item\":\"https:\\\/\\\/knetpartage.fr\\\/\"},{\"@type\":\"ListItem\",\"position\":2,\"name\":\"Rambeaucop &#8211; Jeux Paralympiques Volley Assis\"}]},{\"@type\":\"WebSite\",\"@id\":\"https:\\\/\\\/knetpartage.fr\\\/#website\",\"url\":\"https:\\\/\\\/knetpartage.fr\\\/\",\"name\":\"KNETPARTAGE\",\"description\":\"Recycleur du coeur\",\"potentialAction\":[{\"@type\":\"SearchAction\",\"target\":{\"@type\":\"EntryPoint\",\"urlTemplate\":\"https:\\\/\\\/knetpartage.fr\\\/?s={search_term_string}\"},\"query-input\":{\"@type\":\"PropertyValueSpecification\",\"valueRequired\":true,\"valueName\":\"search_term_string\"}}],\"inLanguage\":\"fr-FR\"},{\"@type\":\"Person\",\"@id\":\"https:\\\/\\\/knetpartage.fr\\\/#\\\/schema\\\/person\\\/40715ce3f7c41f52b9534870704068b1\",\"name\":\"Murielle Chamarande\",\"image\":{\"@type\":\"ImageObject\",\"inLanguage\":\"fr-FR\",\"@id\":\"https:\\\/\\\/secure.gravatar.com\\\/avatar\\\/9aace391e17dfb00f5edf1070b5a8e46594031998f71820ad408dd5523ca647f?s=96&d=mm&r=g\",\"url\":\"https:\\\/\\\/secure.gravatar.com\\\/avatar\\\/9aace391e17dfb00f5edf1070b5a8e46594031998f71820ad408dd5523ca647f?s=96&d=mm&r=g\",\"contentUrl\":\"https:\\\/\\\/secure.gravatar.com\\\/avatar\\\/9aace391e17dfb00f5edf1070b5a8e46594031998f71820ad408dd5523ca647f?s=96&d=mm&r=g\",\"caption\":\"Murielle Chamarande\"},\"url\":\"https:\\\/\\\/knetpartage.fr\\\/author\\\/murielle-c\\\/\"}]}<\/script>\n<!-- \/ Yoast SEO plugin. -->","yoast_head_json":{"title":"Rambeaucop - Jeux Paralympiques Volley Assis - KNETPARTAGE","robots":{"index":"index","follow":"follow","max-snippet":"max-snippet:-1","max-image-preview":"max-image-preview:large","max-video-preview":"max-video-preview:-1"},"canonical":"https:\/\/knetpartage.fr\/rambeaucop-jeux-paralympiques-volley-assis\/","og_locale":"fr_FR","og_type":"article","og_title":"Rambeaucop - Jeux Paralympiques Volley Assis - KNETPARTAGE","og_url":"https:\/\/knetpartage.fr\/rambeaucop-jeux-paralympiques-volley-assis\/","og_site_name":"KNETPARTAGE","article_published_time":"2026-04-29T17:15:30+00:00","article_modified_time":"2026-04-29T17:20:12+00:00","og_image":[{"width":1268,"height":1074,"url":"https:\/\/knetpartage.fr\/wp-content\/uploads\/2026\/04\/rambeaucop.png","type":"image\/png"}],"author":"Murielle Chamarande","twitter_card":"summary_large_image","twitter_misc":{"\u00c9crit par":"Murielle Chamarande","Dur\u00e9e de lecture estim\u00e9e":"1 minute"},"schema":{"@context":"https:\/\/schema.org","@graph":[{"@type":"Article","@id":"https:\/\/knetpartage.fr\/rambeaucop-jeux-paralympiques-volley-assis\/#article","isPartOf":{"@id":"https:\/\/knetpartage.fr\/rambeaucop-jeux-paralympiques-volley-assis\/"},"author":{"name":"Murielle Chamarande","@id":"https:\/\/knetpartage.fr\/#\/schema\/person\/40715ce3f7c41f52b9534870704068b1"},"headline":"Rambeaucop &#8211; Jeux Paralympiques Volley Assis","datePublished":"2026-04-29T17:15:30+00:00","dateModified":"2026-04-29T17:20:12+00:00","mainEntityOfPage":{"@id":"https:\/\/knetpartage.fr\/rambeaucop-jeux-paralympiques-volley-assis\/"},"wordCount":854,"image":{"@id":"https:\/\/knetpartage.fr\/rambeaucop-jeux-paralympiques-volley-assis\/#primaryimage"},"thumbnailUrl":"https:\/\/knetpartage.fr\/wp-content\/uploads\/2026\/04\/rambeaucop.png","articleSection":["Nos Parrains","Nos parrains du coeur"],"inLanguage":"fr-FR"},{"@type":"WebPage","@id":"https:\/\/knetpartage.fr\/rambeaucop-jeux-paralympiques-volley-assis\/","url":"https:\/\/knetpartage.fr\/rambeaucop-jeux-paralympiques-volley-assis\/","name":"Rambeaucop - Jeux Paralympiques Volley Assis - KNETPARTAGE","isPartOf":{"@id":"https:\/\/knetpartage.fr\/#website"},"primaryImageOfPage":{"@id":"https:\/\/knetpartage.fr\/rambeaucop-jeux-paralympiques-volley-assis\/#primaryimage"},"image":{"@id":"https:\/\/knetpartage.fr\/rambeaucop-jeux-paralympiques-volley-assis\/#primaryimage"},"thumbnailUrl":"https:\/\/knetpartage.fr\/wp-content\/uploads\/2026\/04\/rambeaucop.png","datePublished":"2026-04-29T17:15:30+00:00","dateModified":"2026-04-29T17:20:12+00:00","author":{"@id":"https:\/\/knetpartage.fr\/#\/schema\/person\/40715ce3f7c41f52b9534870704068b1"},"breadcrumb":{"@id":"https:\/\/knetpartage.fr\/rambeaucop-jeux-paralympiques-volley-assis\/#breadcrumb"},"inLanguage":"fr-FR","potentialAction":[{"@type":"ReadAction","target":["https:\/\/knetpartage.fr\/rambeaucop-jeux-paralympiques-volley-assis\/"]}]},{"@type":"ImageObject","inLanguage":"fr-FR","@id":"https:\/\/knetpartage.fr\/rambeaucop-jeux-paralympiques-volley-assis\/#primaryimage","url":"https:\/\/knetpartage.fr\/wp-content\/uploads\/2026\/04\/rambeaucop.png","contentUrl":"https:\/\/knetpartage.fr\/wp-content\/uploads\/2026\/04\/rambeaucop.png","width":1268,"height":1074,"caption":"rambeaucop"},{"@type":"BreadcrumbList","@id":"https:\/\/knetpartage.fr\/rambeaucop-jeux-paralympiques-volley-assis\/#breadcrumb","itemListElement":[{"@type":"ListItem","position":1,"name":"Accueil","item":"https:\/\/knetpartage.fr\/"},{"@type":"ListItem","position":2,"name":"Rambeaucop &#8211; Jeux Paralympiques Volley Assis"}]},{"@type":"WebSite","@id":"https:\/\/knetpartage.fr\/#website","url":"https:\/\/knetpartage.fr\/","name":"KNETPARTAGE","description":"Recycleur du coeur","potentialAction":[{"@type":"SearchAction","target":{"@type":"EntryPoint","urlTemplate":"https:\/\/knetpartage.fr\/?s={search_term_string}"},"query-input":{"@type":"PropertyValueSpecification","valueRequired":true,"valueName":"search_term_string"}}],"inLanguage":"fr-FR"},{"@type":"Person","@id":"https:\/\/knetpartage.fr\/#\/schema\/person\/40715ce3f7c41f52b9534870704068b1","name":"Murielle Chamarande","image":{"@type":"ImageObject","inLanguage":"fr-FR","@id":"https:\/\/secure.gravatar.com\/avatar\/9aace391e17dfb00f5edf1070b5a8e46594031998f71820ad408dd5523ca647f?s=96&d=mm&r=g","url":"https:\/\/secure.gravatar.com\/avatar\/9aace391e17dfb00f5edf1070b5a8e46594031998f71820ad408dd5523ca647f?s=96&d=mm&r=g","contentUrl":"https:\/\/secure.gravatar.com\/avatar\/9aace391e17dfb00f5edf1070b5a8e46594031998f71820ad408dd5523ca647f?s=96&d=mm&r=g","caption":"Murielle Chamarande"},"url":"https:\/\/knetpartage.fr\/author\/murielle-c\/"}]}},"_links":{"self":[{"href":"https:\/\/knetpartage.fr\/api\/wp\/v2\/posts\/21597","targetHints":{"allow":["GET"]}}],"collection":[{"href":"https:\/\/knetpartage.fr\/api\/wp\/v2\/posts"}],"about":[{"href":"https:\/\/knetpartage.fr\/api\/wp\/v2\/types\/post"}],"author":[{"embeddable":true,"href":"https:\/\/knetpartage.fr\/api\/wp\/v2\/users\/7"}],"replies":[{"embeddable":true,"href":"https:\/\/knetpartage.fr\/api\/wp\/v2\/comments?post=21597"}],"version-history":[{"count":3,"href":"https:\/\/knetpartage.fr\/api\/wp\/v2\/posts\/21597\/revisions"}],"predecessor-version":[{"id":21604,"href":"https:\/\/knetpartage.fr\/api\/wp\/v2\/posts\/21597\/revisions\/21604"}],"wp:featuredmedia":[{"embeddable":true,"href":"https:\/\/knetpartage.fr\/api\/wp\/v2\/media\/21598"}],"wp:attachment":[{"href":"https:\/\/knetpartage.fr\/api\/wp\/v2\/media?parent=21597"}],"wp:term":[{"taxonomy":"category","embeddable":true,"href":"https:\/\/knetpartage.fr\/api\/wp\/v2\/categories?post=21597"},{"taxonomy":"post_tag","embeddable":true,"href":"https:\/\/knetpartage.fr\/api\/wp\/v2\/tags?post=21597"}],"curies":[{"name":"wp","href":"https:\/\/api.w.org\/{rel}","templated":true}]}}