{"id":10348,"date":"2018-01-09T19:40:21","date_gmt":"2018-01-09T18:40:21","guid":{"rendered":"https:\/\/knetpartage.fr\/?p=10348"},"modified":"2018-01-12T15:27:58","modified_gmt":"2018-01-12T14:27:58","slug":"cheque-permettant-a-la-famille-delyna-de-faire-lacquisition-dun-vehicule-adapte-au-handicap-de-la-petite-fille","status":"publish","type":"post","link":"https:\/\/knetpartage.fr\/cheque-permettant-a-la-famille-delyna-de-faire-lacquisition-dun-vehicule-adapte-au-handicap-de-la-petite-fille\/","title":{"rendered":"Soutien \u00e0 l&rsquo;association ELYNA de LIRAC 30"},"content":{"rendered":"<p>&nbsp;<\/p>\n<p><img loading=\"lazy\" decoding=\"async\" class=\"aligncenter size-full wp-image-10350\" src=\"https:\/\/knetpartage.fr\/wp-content\/uploads\/2018\/01\/logo-300x119.jpg\" alt=\"\" width=\"300\" height=\"119\" \/><\/p>\n<p style=\"text-align: center;\">K Net Partage est soutenue par l&rsquo;association <a href=\"http:\/\/passion-partage.com\/\">l\u2019association PASSION et PARTAGE<\/a> (r\u00e9unissant 9 clubs ROTARY) et a revers\u00e9 l&rsquo;int\u00e9gralit\u00e9 du don \u00e0 <a href=\"https:\/\/www.facebook.com\/Association-ELYNA-127143620720286\/\">l&rsquo;association Elyna<\/a> de LIRAC 30 afin de faire l\u2019acquisition d\u2019un v\u00e9hicule adapt\u00e9 au handicap de la petite fille.<\/p>\n<p style=\"text-align: center;\">(correspondant \u00e0 la valorisation de 2 500 000 bo\u00eetes boissons en m\u00e9tal)<\/p>\n","protected":false},"excerpt":{"rendered":"<p>&nbsp; K Net Partage est soutenue par l&rsquo;association l\u2019association PASSION et PARTAGE (r\u00e9unissant 9 clubs ROTARY) et a revers\u00e9 l&rsquo;int\u00e9gralit\u00e9 du don \u00e0 l&rsquo;association Elyna de LIRAC 30 afin de faire l\u2019acquisition d\u2019un v\u00e9hicule adapt\u00e9 au handicap de la petite fille. (correspondant \u00e0 la valorisation de 2 500 000 bo\u00eetes boissons en m\u00e9tal)<\/p>\n","protected":false},"author":3,"featured_media":10349,"comment_status":"open","ping_status":"open","sticky":false,"template":"","format":"standard","meta":{"footnotes":""},"categories":[30],"tags":[],"class_list":["post-10348","post","type-post","status-publish","format-standard","has-post-thumbnail","hentry","category-2016-resultats"],"yoast_head":"<!-- This site is optimized with the Yoast SEO plugin v27.5 - https:\/\/yoast.com\/product\/yoast-seo-wordpress\/ -->\n<title>Soutien \u00e0 l&#039;association ELYNA de LIRAC 30 - KNETPARTAGE<\/title>\n<meta name=\"robots\" content=\"index, follow, max-snippet:-1, max-image-preview:large, max-video-preview:-1\" \/>\n<link rel=\"canonical\" href=\"https:\/\/knetpartage.fr\/cheque-permettant-a-la-famille-delyna-de-faire-lacquisition-dun-vehicule-adapte-au-handicap-de-la-petite-fille\/\" \/>\n<meta property=\"og:locale\" content=\"fr_FR\" \/>\n<meta property=\"og:type\" content=\"article\" \/>\n<meta property=\"og:title\" content=\"Soutien \u00e0 l&#039;association ELYNA de LIRAC 30 - KNETPARTAGE\" \/>\n<meta property=\"og:description\" content=\"&nbsp; K Net Partage est soutenue par l&rsquo;association l\u2019association PASSION et PARTAGE (r\u00e9unissant 9 clubs ROTARY) et a revers\u00e9 l&rsquo;int\u00e9gralit\u00e9 du don \u00e0 l&rsquo;association Elyna de LIRAC 30 afin de faire l\u2019acquisition d\u2019un v\u00e9hicule adapt\u00e9 au handicap de la petite fille. (correspondant \u00e0 la valorisation de 2 500 000 bo\u00eetes boissons en m\u00e9tal)\" \/>\n<meta property=\"og:url\" content=\"https:\/\/knetpartage.fr\/cheque-permettant-a-la-famille-delyna-de-faire-lacquisition-dun-vehicule-adapte-au-handicap-de-la-petite-fille\/\" \/>\n<meta property=\"og:site_name\" content=\"KNETPARTAGE\" \/>\n<meta property=\"article:published_time\" content=\"2018-01-09T18:40:21+00:00\" \/>\n<meta property=\"article:modified_time\" content=\"2018-01-12T14:27:58+00:00\" \/>\n<meta property=\"og:image\" content=\"https:\/\/knetpartage.fr\/wp-content\/uploads\/2018\/01\/1934833_755426834558625_7632646551188257291_n-300x225.jpg\" \/>\n\t<meta property=\"og:image:width\" content=\"300\" \/>\n\t<meta property=\"og:image:height\" content=\"225\" \/>\n\t<meta property=\"og:image:type\" content=\"image\/jpeg\" \/>\n<meta name=\"author\" content=\"Jonathan Ramirez\" \/>\n<meta name=\"twitter:card\" content=\"summary_large_image\" \/>\n<meta name=\"twitter:label1\" content=\"\u00c9crit par\" \/>\n\t<meta name=\"twitter:data1\" content=\"Jonathan Ramirez\" \/>\n<script type=\"application\/ld+json\" class=\"yoast-schema-graph\">{\"@context\":\"https:\\\/\\\/schema.org\",\"@graph\":[{\"@type\":\"Article\",\"@id\":\"https:\\\/\\\/knetpartage.fr\\\/cheque-permettant-a-la-famille-delyna-de-faire-lacquisition-dun-vehicule-adapte-au-handicap-de-la-petite-fille\\\/#article\",\"isPartOf\":{\"@id\":\"https:\\\/\\\/knetpartage.fr\\\/cheque-permettant-a-la-famille-delyna-de-faire-lacquisition-dun-vehicule-adapte-au-handicap-de-la-petite-fille\\\/\"},\"author\":{\"name\":\"Jonathan Ramirez\",\"@id\":\"https:\\\/\\\/knetpartage.fr\\\/#\\\/schema\\\/person\\\/92ca83bf1c8d7d383d7dd8bd6f5bc526\"},\"headline\":\"Soutien \u00e0 l&rsquo;association ELYNA de LIRAC 30\",\"datePublished\":\"2018-01-09T18:40:21+00:00\",\"dateModified\":\"2018-01-12T14:27:58+00:00\",\"mainEntityOfPage\":{\"@id\":\"https:\\\/\\\/knetpartage.fr\\\/cheque-permettant-a-la-famille-delyna-de-faire-lacquisition-dun-vehicule-adapte-au-handicap-de-la-petite-fille\\\/\"},\"wordCount\":63,\"commentCount\":0,\"image\":{\"@id\":\"https:\\\/\\\/knetpartage.fr\\\/cheque-permettant-a-la-famille-delyna-de-faire-lacquisition-dun-vehicule-adapte-au-handicap-de-la-petite-fille\\\/#primaryimage\"},\"thumbnailUrl\":\"https:\\\/\\\/knetpartage.fr\\\/wp-content\\\/uploads\\\/2018\\\/01\\\/1934833_755426834558625_7632646551188257291_n-300x225.jpg\",\"articleSection\":[\"R\u00e9sultats 2016\"],\"inLanguage\":\"fr-FR\"},{\"@type\":\"WebPage\",\"@id\":\"https:\\\/\\\/knetpartage.fr\\\/cheque-permettant-a-la-famille-delyna-de-faire-lacquisition-dun-vehicule-adapte-au-handicap-de-la-petite-fille\\\/\",\"url\":\"https:\\\/\\\/knetpartage.fr\\\/cheque-permettant-a-la-famille-delyna-de-faire-lacquisition-dun-vehicule-adapte-au-handicap-de-la-petite-fille\\\/\",\"name\":\"Soutien \u00e0 l'association ELYNA de LIRAC 30 - KNETPARTAGE\",\"isPartOf\":{\"@id\":\"https:\\\/\\\/knetpartage.fr\\\/#website\"},\"primaryImageOfPage\":{\"@id\":\"https:\\\/\\\/knetpartage.fr\\\/cheque-permettant-a-la-famille-delyna-de-faire-lacquisition-dun-vehicule-adapte-au-handicap-de-la-petite-fille\\\/#primaryimage\"},\"image\":{\"@id\":\"https:\\\/\\\/knetpartage.fr\\\/cheque-permettant-a-la-famille-delyna-de-faire-lacquisition-dun-vehicule-adapte-au-handicap-de-la-petite-fille\\\/#primaryimage\"},\"thumbnailUrl\":\"https:\\\/\\\/knetpartage.fr\\\/wp-content\\\/uploads\\\/2018\\\/01\\\/1934833_755426834558625_7632646551188257291_n-300x225.jpg\",\"datePublished\":\"2018-01-09T18:40:21+00:00\",\"dateModified\":\"2018-01-12T14:27:58+00:00\",\"author\":{\"@id\":\"https:\\\/\\\/knetpartage.fr\\\/#\\\/schema\\\/person\\\/92ca83bf1c8d7d383d7dd8bd6f5bc526\"},\"breadcrumb\":{\"@id\":\"https:\\\/\\\/knetpartage.fr\\\/cheque-permettant-a-la-famille-delyna-de-faire-lacquisition-dun-vehicule-adapte-au-handicap-de-la-petite-fille\\\/#breadcrumb\"},\"inLanguage\":\"fr-FR\",\"potentialAction\":[{\"@type\":\"ReadAction\",\"target\":[\"https:\\\/\\\/knetpartage.fr\\\/cheque-permettant-a-la-famille-delyna-de-faire-lacquisition-dun-vehicule-adapte-au-handicap-de-la-petite-fille\\\/\"]}]},{\"@type\":\"ImageObject\",\"inLanguage\":\"fr-FR\",\"@id\":\"https:\\\/\\\/knetpartage.fr\\\/cheque-permettant-a-la-famille-delyna-de-faire-lacquisition-dun-vehicule-adapte-au-handicap-de-la-petite-fille\\\/#primaryimage\",\"url\":\"https:\\\/\\\/knetpartage.fr\\\/wp-content\\\/uploads\\\/2018\\\/01\\\/1934833_755426834558625_7632646551188257291_n-300x225.jpg\",\"contentUrl\":\"https:\\\/\\\/knetpartage.fr\\\/wp-content\\\/uploads\\\/2018\\\/01\\\/1934833_755426834558625_7632646551188257291_n-300x225.jpg\",\"width\":300,\"height\":225},{\"@type\":\"BreadcrumbList\",\"@id\":\"https:\\\/\\\/knetpartage.fr\\\/cheque-permettant-a-la-famille-delyna-de-faire-lacquisition-dun-vehicule-adapte-au-handicap-de-la-petite-fille\\\/#breadcrumb\",\"itemListElement\":[{\"@type\":\"ListItem\",\"position\":1,\"name\":\"Accueil\",\"item\":\"https:\\\/\\\/knetpartage.fr\\\/\"},{\"@type\":\"ListItem\",\"position\":2,\"name\":\"Soutien \u00e0 l&rsquo;association ELYNA de LIRAC 30\"}]},{\"@type\":\"WebSite\",\"@id\":\"https:\\\/\\\/knetpartage.fr\\\/#website\",\"url\":\"https:\\\/\\\/knetpartage.fr\\\/\",\"name\":\"KNETPARTAGE\",\"description\":\"Recycleur du coeur\",\"potentialAction\":[{\"@type\":\"SearchAction\",\"target\":{\"@type\":\"EntryPoint\",\"urlTemplate\":\"https:\\\/\\\/knetpartage.fr\\\/?s={search_term_string}\"},\"query-input\":{\"@type\":\"PropertyValueSpecification\",\"valueRequired\":true,\"valueName\":\"search_term_string\"}}],\"inLanguage\":\"fr-FR\"},{\"@type\":\"Person\",\"@id\":\"https:\\\/\\\/knetpartage.fr\\\/#\\\/schema\\\/person\\\/92ca83bf1c8d7d383d7dd8bd6f5bc526\",\"name\":\"Jonathan Ramirez\",\"image\":{\"@type\":\"ImageObject\",\"inLanguage\":\"fr-FR\",\"@id\":\"https:\\\/\\\/secure.gravatar.com\\\/avatar\\\/01cd63baceee7de6a580daaa6cb490dcabf6c089d3c456745e88521e06eb9c27?s=96&d=mm&r=g\",\"url\":\"https:\\\/\\\/secure.gravatar.com\\\/avatar\\\/01cd63baceee7de6a580daaa6cb490dcabf6c089d3c456745e88521e06eb9c27?s=96&d=mm&r=g\",\"contentUrl\":\"https:\\\/\\\/secure.gravatar.com\\\/avatar\\\/01cd63baceee7de6a580daaa6cb490dcabf6c089d3c456745e88521e06eb9c27?s=96&d=mm&r=g\",\"caption\":\"Jonathan Ramirez\"},\"url\":\"https:\\\/\\\/knetpartage.fr\\\/author\\\/webmaster\\\/\"}]}<\/script>\n<!-- \/ Yoast SEO plugin. -->","yoast_head_json":{"title":"Soutien \u00e0 l'association ELYNA de LIRAC 30 - KNETPARTAGE","robots":{"index":"index","follow":"follow","max-snippet":"max-snippet:-1","max-image-preview":"max-image-preview:large","max-video-preview":"max-video-preview:-1"},"canonical":"https:\/\/knetpartage.fr\/cheque-permettant-a-la-famille-delyna-de-faire-lacquisition-dun-vehicule-adapte-au-handicap-de-la-petite-fille\/","og_locale":"fr_FR","og_type":"article","og_title":"Soutien \u00e0 l'association ELYNA de LIRAC 30 - KNETPARTAGE","og_description":"&nbsp; K Net Partage est soutenue par l&rsquo;association l\u2019association PASSION et PARTAGE (r\u00e9unissant 9 clubs ROTARY) et a revers\u00e9 l&rsquo;int\u00e9gralit\u00e9 du don \u00e0 l&rsquo;association Elyna de LIRAC 30 afin de faire l\u2019acquisition d\u2019un v\u00e9hicule adapt\u00e9 au handicap de la petite fille. (correspondant \u00e0 la valorisation de 2 500 000 bo\u00eetes boissons en m\u00e9tal)","og_url":"https:\/\/knetpartage.fr\/cheque-permettant-a-la-famille-delyna-de-faire-lacquisition-dun-vehicule-adapte-au-handicap-de-la-petite-fille\/","og_site_name":"KNETPARTAGE","article_published_time":"2018-01-09T18:40:21+00:00","article_modified_time":"2018-01-12T14:27:58+00:00","og_image":[{"width":300,"height":225,"url":"https:\/\/knetpartage.fr\/wp-content\/uploads\/2018\/01\/1934833_755426834558625_7632646551188257291_n-300x225.jpg","type":"image\/jpeg"}],"author":"Jonathan Ramirez","twitter_card":"summary_large_image","twitter_misc":{"\u00c9crit par":"Jonathan Ramirez"},"schema":{"@context":"https:\/\/schema.org","@graph":[{"@type":"Article","@id":"https:\/\/knetpartage.fr\/cheque-permettant-a-la-famille-delyna-de-faire-lacquisition-dun-vehicule-adapte-au-handicap-de-la-petite-fille\/#article","isPartOf":{"@id":"https:\/\/knetpartage.fr\/cheque-permettant-a-la-famille-delyna-de-faire-lacquisition-dun-vehicule-adapte-au-handicap-de-la-petite-fille\/"},"author":{"name":"Jonathan Ramirez","@id":"https:\/\/knetpartage.fr\/#\/schema\/person\/92ca83bf1c8d7d383d7dd8bd6f5bc526"},"headline":"Soutien \u00e0 l&rsquo;association ELYNA de LIRAC 30","datePublished":"2018-01-09T18:40:21+00:00","dateModified":"2018-01-12T14:27:58+00:00","mainEntityOfPage":{"@id":"https:\/\/knetpartage.fr\/cheque-permettant-a-la-famille-delyna-de-faire-lacquisition-dun-vehicule-adapte-au-handicap-de-la-petite-fille\/"},"wordCount":63,"commentCount":0,"image":{"@id":"https:\/\/knetpartage.fr\/cheque-permettant-a-la-famille-delyna-de-faire-lacquisition-dun-vehicule-adapte-au-handicap-de-la-petite-fille\/#primaryimage"},"thumbnailUrl":"https:\/\/knetpartage.fr\/wp-content\/uploads\/2018\/01\/1934833_755426834558625_7632646551188257291_n-300x225.jpg","articleSection":["R\u00e9sultats 2016"],"inLanguage":"fr-FR"},{"@type":"WebPage","@id":"https:\/\/knetpartage.fr\/cheque-permettant-a-la-famille-delyna-de-faire-lacquisition-dun-vehicule-adapte-au-handicap-de-la-petite-fille\/","url":"https:\/\/knetpartage.fr\/cheque-permettant-a-la-famille-delyna-de-faire-lacquisition-dun-vehicule-adapte-au-handicap-de-la-petite-fille\/","name":"Soutien \u00e0 l'association ELYNA de LIRAC 30 - KNETPARTAGE","isPartOf":{"@id":"https:\/\/knetpartage.fr\/#website"},"primaryImageOfPage":{"@id":"https:\/\/knetpartage.fr\/cheque-permettant-a-la-famille-delyna-de-faire-lacquisition-dun-vehicule-adapte-au-handicap-de-la-petite-fille\/#primaryimage"},"image":{"@id":"https:\/\/knetpartage.fr\/cheque-permettant-a-la-famille-delyna-de-faire-lacquisition-dun-vehicule-adapte-au-handicap-de-la-petite-fille\/#primaryimage"},"thumbnailUrl":"https:\/\/knetpartage.fr\/wp-content\/uploads\/2018\/01\/1934833_755426834558625_7632646551188257291_n-300x225.jpg","datePublished":"2018-01-09T18:40:21+00:00","dateModified":"2018-01-12T14:27:58+00:00","author":{"@id":"https:\/\/knetpartage.fr\/#\/schema\/person\/92ca83bf1c8d7d383d7dd8bd6f5bc526"},"breadcrumb":{"@id":"https:\/\/knetpartage.fr\/cheque-permettant-a-la-famille-delyna-de-faire-lacquisition-dun-vehicule-adapte-au-handicap-de-la-petite-fille\/#breadcrumb"},"inLanguage":"fr-FR","potentialAction":[{"@type":"ReadAction","target":["https:\/\/knetpartage.fr\/cheque-permettant-a-la-famille-delyna-de-faire-lacquisition-dun-vehicule-adapte-au-handicap-de-la-petite-fille\/"]}]},{"@type":"ImageObject","inLanguage":"fr-FR","@id":"https:\/\/knetpartage.fr\/cheque-permettant-a-la-famille-delyna-de-faire-lacquisition-dun-vehicule-adapte-au-handicap-de-la-petite-fille\/#primaryimage","url":"https:\/\/knetpartage.fr\/wp-content\/uploads\/2018\/01\/1934833_755426834558625_7632646551188257291_n-300x225.jpg","contentUrl":"https:\/\/knetpartage.fr\/wp-content\/uploads\/2018\/01\/1934833_755426834558625_7632646551188257291_n-300x225.jpg","width":300,"height":225},{"@type":"BreadcrumbList","@id":"https:\/\/knetpartage.fr\/cheque-permettant-a-la-famille-delyna-de-faire-lacquisition-dun-vehicule-adapte-au-handicap-de-la-petite-fille\/#breadcrumb","itemListElement":[{"@type":"ListItem","position":1,"name":"Accueil","item":"https:\/\/knetpartage.fr\/"},{"@type":"ListItem","position":2,"name":"Soutien \u00e0 l&rsquo;association ELYNA de LIRAC 30"}]},{"@type":"WebSite","@id":"https:\/\/knetpartage.fr\/#website","url":"https:\/\/knetpartage.fr\/","name":"KNETPARTAGE","description":"Recycleur du coeur","potentialAction":[{"@type":"SearchAction","target":{"@type":"EntryPoint","urlTemplate":"https:\/\/knetpartage.fr\/?s={search_term_string}"},"query-input":{"@type":"PropertyValueSpecification","valueRequired":true,"valueName":"search_term_string"}}],"inLanguage":"fr-FR"},{"@type":"Person","@id":"https:\/\/knetpartage.fr\/#\/schema\/person\/92ca83bf1c8d7d383d7dd8bd6f5bc526","name":"Jonathan Ramirez","image":{"@type":"ImageObject","inLanguage":"fr-FR","@id":"https:\/\/secure.gravatar.com\/avatar\/01cd63baceee7de6a580daaa6cb490dcabf6c089d3c456745e88521e06eb9c27?s=96&d=mm&r=g","url":"https:\/\/secure.gravatar.com\/avatar\/01cd63baceee7de6a580daaa6cb490dcabf6c089d3c456745e88521e06eb9c27?s=96&d=mm&r=g","contentUrl":"https:\/\/secure.gravatar.com\/avatar\/01cd63baceee7de6a580daaa6cb490dcabf6c089d3c456745e88521e06eb9c27?s=96&d=mm&r=g","caption":"Jonathan Ramirez"},"url":"https:\/\/knetpartage.fr\/author\/webmaster\/"}]}},"_links":{"self":[{"href":"https:\/\/knetpartage.fr\/api\/wp\/v2\/posts\/10348","targetHints":{"allow":["GET"]}}],"collection":[{"href":"https:\/\/knetpartage.fr\/api\/wp\/v2\/posts"}],"about":[{"href":"https:\/\/knetpartage.fr\/api\/wp\/v2\/types\/post"}],"author":[{"embeddable":true,"href":"https:\/\/knetpartage.fr\/api\/wp\/v2\/users\/3"}],"replies":[{"embeddable":true,"href":"https:\/\/knetpartage.fr\/api\/wp\/v2\/comments?post=10348"}],"version-history":[{"count":0,"href":"https:\/\/knetpartage.fr\/api\/wp\/v2\/posts\/10348\/revisions"}],"wp:featuredmedia":[{"embeddable":true,"href":"https:\/\/knetpartage.fr\/api\/wp\/v2\/media\/10349"}],"wp:attachment":[{"href":"https:\/\/knetpartage.fr\/api\/wp\/v2\/media?parent=10348"}],"wp:term":[{"taxonomy":"category","embeddable":true,"href":"https:\/\/knetpartage.fr\/api\/wp\/v2\/categories?post=10348"},{"taxonomy":"post_tag","embeddable":true,"href":"https:\/\/knetpartage.fr\/api\/wp\/v2\/tags?post=10348"}],"curies":[{"name":"wp","href":"https:\/\/api.w.org\/{rel}","templated":true}]}}